{"id":977,"date":"2016-03-16T15:54:48","date_gmt":"2016-03-16T19:54:48","guid":{"rendered":"http:\/\/bluespike.ca\/en\/?p=977"},"modified":"2016-03-17T10:18:12","modified_gmt":"2016-03-17T14:18:12","slug":"brasserie-les-2-freres-point-de-vue-february-4th-2016-french","status":"publish","type":"post","link":"http:\/\/bluespike.ca\/en\/brasserie-les-2-freres-point-de-vue-february-4th-2016-french\/","title":{"rendered":"BRASSERIE LES 2 FR\u00c8RES &#8211; POINT DE VUE &#8211; FEBRUARY 4TH 2016 (French)"},"content":{"rendered":"<p>T\u00c9L\u00c9VISION R\u00c9GIONALE DES MOULINS &#8211; POINT DE VUE &#8211; FEBRUARY 4th 2016<br \/>\nMedia: Television<br \/>\nHost: Pierre Berthiaume<\/p>\n<p>Nicolas Gagnon-Oosterwaal was interviewed for the TVRM show Point de Vue to talk about Brasserie Les 2 Fr\u00e8res products. Broadcasted on February 4th, 2016.<\/p>\n<p><a href=\"http:\/\/tvrm.ca\/emission.php?em=136&amp;ep=2001\">Show website.<\/a><\/p>\n<p><iframe loading=\"lazy\" src=\"https:\/\/player.vimeo.com\/video\/154609629\" width=\"500\" height=\"281\" frameborder=\"0\" allowfullscreen=\"allowfullscreen\"><\/iframe><\/p>\n","protected":false},"excerpt":{"rendered":"<p>T\u00c9L\u00c9VISION R\u00c9GIONALE DES MOULINS &#8211; POINT DE VUE &#8211; FEBRUARY 4th 2016 Media: Television Host: Pierre Berthiaume Nicolas Gagnon-Oosterwaal was interviewed for the TVRM show Point de Vue to talk about Brasserie Les 2 Fr\u00e8res products. Broadcasted on February 4th, 2016. Show website.<\/p>\n","protected":false},"author":1,"featured_media":813,"comment_status":"closed","ping_status":"open","sticky":false,"template":"","format":"standard","meta":{"jetpack_post_was_ever_published":false,"_jetpack_newsletter_access":"","_jetpack_dont_email_post_to_subs":false,"_jetpack_newsletter_tier_id":0,"_jetpack_memberships_contains_paywalled_content":false,"_jetpack_memberships_contains_paid_content":false,"footnotes":""},"categories":[12],"tags":[39,50,43,44,52,15,51,28,25,26,27],"class_list":["post-977","post","type-post","status-publish","format-standard","has-post-thumbnail","hentry","category-press-file","tag-2016-en","tag-beer","tag-brasserie-les-2-freres-en","tag-charles-henri-en","tag-february-2016","tag-hickson","tag-interview","tag-point-de-vue","tag-television","tag-television-regionale-des-moulins","tag-tvrm"],"jetpack_sharing_enabled":true,"jetpack_featured_media_url":"https:\/\/i0.wp.com\/bluespike.ca\/wp-content\/uploads\/2016\/03\/Capture-d%E2%80%99e%CC%81cran-2016-03-01-a%CC%80-11.46.36-e1457023048310.png?fit=598%2C379","jetpack_shortlink":"https:\/\/wp.me\/p8iaCT-fL","jetpack-related-posts":[],"_links":{"self":[{"href":"http:\/\/bluespike.ca\/en\/wp-json\/wp\/v2\/posts\/977","targetHints":{"allow":["GET"]}}],"collection":[{"href":"http:\/\/bluespike.ca\/en\/wp-json\/wp\/v2\/posts"}],"about":[{"href":"http:\/\/bluespike.ca\/en\/wp-json\/wp\/v2\/types\/post"}],"author":[{"embeddable":true,"href":"http:\/\/bluespike.ca\/en\/wp-json\/wp\/v2\/users\/1"}],"replies":[{"embeddable":true,"href":"http:\/\/bluespike.ca\/en\/wp-json\/wp\/v2\/comments?post=977"}],"version-history":[{"count":2,"href":"http:\/\/bluespike.ca\/en\/wp-json\/wp\/v2\/posts\/977\/revisions"}],"predecessor-version":[{"id":987,"href":"http:\/\/bluespike.ca\/en\/wp-json\/wp\/v2\/posts\/977\/revisions\/987"}],"wp:featuredmedia":[{"embeddable":true,"href":"http:\/\/bluespike.ca\/en\/wp-json\/wp\/v2\/media\/813"}],"wp:attachment":[{"href":"http:\/\/bluespike.ca\/en\/wp-json\/wp\/v2\/media?parent=977"}],"wp:term":[{"taxonomy":"category","embeddable":true,"href":"http:\/\/bluespike.ca\/en\/wp-json\/wp\/v2\/categories?post=977"},{"taxonomy":"post_tag","embeddable":true,"href":"http:\/\/bluespike.ca\/en\/wp-json\/wp\/v2\/tags?post=977"}],"curies":[{"name":"wp","href":"https:\/\/api.w.org\/{rel}","templated":true}]}}